{"id":1869,"date":"2024-02-23T09:05:09","date_gmt":"2024-02-23T08:05:09","guid":{"rendered":"https:\/\/postalm.ski\/?p=1869"},"modified":"2024-04-26T08:04:38","modified_gmt":"2024-04-26T07:04:38","slug":"im-gespraech-mit-hannes-hettegger-skiverleih-experte-und-postalm-kenner","status":"publish","type":"post","link":"https:\/\/postalm.ski\/en\/im-gespraech-mit-hannes-hettegger-skiverleih-experte-und-postalm-kenner\/","title":{"rendered":"Im Gespr\u00e4ch mit Hannes Hettegger &#8211; Skiverleih-Experte und Postalm-Kenner"},"content":{"rendered":"<div data-elementor-type=\"wp-post\" data-elementor-id=\"1869\" class=\"elementor elementor-1869\" data-elementor-post-type=\"post\">\n\t\t\t\t\t\t<section class=\"elementor-section elementor-top-section elementor-element elementor-element-9331080 elementor-section-boxed elementor-section-height-default elementor-section-height-default\" data-id=\"9331080\" data-element_type=\"section\">\n\t\t\t\t\t\t<div class=\"elementor-container elementor-column-gap-default\">\n\t\t\t\t\t<div class=\"elementor-column elementor-col-100 elementor-top-column elementor-element elementor-element-dfc0a28\" data-id=\"dfc0a28\" data-element_type=\"column\">\n\t\t\t<div class=\"elementor-widget-wrap elementor-element-populated\">\n\t\t\t\t\t\t<section class=\"elementor-section elementor-inner-section elementor-element elementor-element-4ae673a elementor-section-boxed elementor-section-height-default elementor-section-height-default\" data-id=\"4ae673a\" data-element_type=\"section\">\n\t\t\t\t\t\t<div class=\"elementor-container elementor-column-gap-default\">\n\t\t\t\t\t<div class=\"elementor-column elementor-col-50 elementor-inner-column elementor-element elementor-element-050f8db\" data-id=\"050f8db\" data-element_type=\"column\">\n\t\t\t<div class=\"elementor-widget-wrap elementor-element-populated\">\n\t\t\t\t\t\t<div class=\"elementor-element elementor-element-5cbb615 elementor-widget elementor-widget-text-editor\" data-id=\"5cbb615\" data-element_type=\"widget\" data-widget_type=\"text-editor.default\">\n\t\t\t\t<div class=\"elementor-widget-container\">\n\t\t\t\t\t\t\t\t\t<p>Hannes Hettegger wird von vielen liebevoll <em>Postalm Papa<\/em> genannt \u2013 und das nicht ohne Grund. Seit Jahrzehnten engagiert er sich f\u00fcr den Wintersport in der Region, erlebte alle H\u00f6hen und Tiefen des Skigebiets und setzte sich auch zuletzt f\u00fcr dessen Erhalt ein.<\/p><p>Den Skiverleih auf der Postalm \u00fcbernahm Hannes Hettegger vor etwa einem Jahrzehnt und brachte mit einer tiefen Verbundenheit zur Region frischen Wind ins Gesch\u00e4ft. Seine S\u00f6hne, selbst passionierte Skifahrer, modernisierten den Betrieb und spielten eine entscheidende Rolle bei der Neuausrichtung. Mittlerweile hat sein Sohn Markus den Skiverleih \u00fcbernommen.<\/p>\t\t\t\t\t\t\t\t<\/div>\n\t\t\t\t<\/div>\n\t\t\t\t\t<\/div>\n\t\t<\/div>\n\t\t\t\t<div class=\"elementor-column elementor-col-50 elementor-inner-column elementor-element elementor-element-9c69075\" data-id=\"9c69075\" data-element_type=\"column\">\n\t\t\t<div class=\"elementor-widget-wrap elementor-element-populated\">\n\t\t\t\t\t\t<div class=\"elementor-element elementor-element-f9329ae elementor-widget elementor-widget-image\" data-id=\"f9329ae\" data-element_type=\"widget\" data-widget_type=\"image.default\">\n\t\t\t\t<div class=\"elementor-widget-container\">\n\t\t\t\t\t\t\t\t\t\t\t\t\t\t\t<img fetchpriority=\"high\" decoding=\"async\" width=\"1024\" height=\"768\" src=\"https:\/\/postalm.ski\/wp-content\/uploads\/2024\/02\/Hettegger-1024x768.jpg\" class=\"attachment-large size-large wp-image-1910\" alt=\"\" srcset=\"https:\/\/postalm.ski\/wp-content\/uploads\/2024\/02\/Hettegger-1024x768.jpg 1024w, https:\/\/postalm.ski\/wp-content\/uploads\/2024\/02\/Hettegger-300x225.jpg 300w, https:\/\/postalm.ski\/wp-content\/uploads\/2024\/02\/Hettegger-768x576.jpg 768w, https:\/\/postalm.ski\/wp-content\/uploads\/2024\/02\/Hettegger-1536x1152.jpg 1536w, https:\/\/postalm.ski\/wp-content\/uploads\/2024\/02\/Hettegger-16x12.jpg 16w, https:\/\/postalm.ski\/wp-content\/uploads\/2024\/02\/Hettegger.jpg 2048w\" sizes=\"(max-width: 1024px) 100vw, 1024px\" \/>\t\t\t\t\t\t\t\t\t\t\t\t\t\t\t<\/div>\n\t\t\t\t<\/div>\n\t\t\t\t\t<\/div>\n\t\t<\/div>\n\t\t\t\t\t<\/div>\n\t\t<\/section>\n\t\t\t\t<div class=\"elementor-element elementor-element-597de59 elementor-widget elementor-widget-image\" data-id=\"597de59\" data-element_type=\"widget\" data-widget_type=\"image.default\">\n\t\t\t\t<div class=\"elementor-widget-container\">\n\t\t\t\t\t\t\t\t\t\t\t\t\t\t\t<img decoding=\"async\" width=\"1024\" height=\"768\" src=\"https:\/\/postalm.ski\/wp-content\/uploads\/2023\/09\/1005ae81c6de999d_d5af0d5d96682414-1024x768.jpg\" class=\"attachment-large size-large wp-image-85\" alt=\"\" srcset=\"https:\/\/postalm.ski\/wp-content\/uploads\/2023\/09\/1005ae81c6de999d_d5af0d5d96682414-1024x768.jpg 1024w, https:\/\/postalm.ski\/wp-content\/uploads\/2023\/09\/1005ae81c6de999d_d5af0d5d96682414-300x225.jpg 300w, https:\/\/postalm.ski\/wp-content\/uploads\/2023\/09\/1005ae81c6de999d_d5af0d5d96682414-768x576.jpg 768w, https:\/\/postalm.ski\/wp-content\/uploads\/2023\/09\/1005ae81c6de999d_d5af0d5d96682414-1536x1152.jpg 1536w, https:\/\/postalm.ski\/wp-content\/uploads\/2023\/09\/1005ae81c6de999d_d5af0d5d96682414.jpg 2000w\" sizes=\"(max-width: 1024px) 100vw, 1024px\" \/>\t\t\t\t\t\t\t\t\t\t\t\t\t\t\t<\/div>\n\t\t\t\t<\/div>\n\t\t\t\t<div class=\"elementor-element elementor-element-bcfacbe elementor-position-inline-start elementor-view-default elementor-mobile-position-block-start elementor-widget elementor-widget-icon-box\" data-id=\"bcfacbe\" data-element_type=\"widget\" data-widget_type=\"icon-box.default\">\n\t\t\t\t<div class=\"elementor-widget-container\">\n\t\t\t\t\t\t\t<div class=\"elementor-icon-box-wrapper\">\n\n\t\t\t\t\t\t<div class=\"elementor-icon-box-icon\">\n\t\t\t\t<span  class=\"elementor-icon\">\n\t\t\t\t<i aria-hidden=\"true\" class=\"far fa-question-circle\"><\/i>\t\t\t\t<\/span>\n\t\t\t<\/div>\n\t\t\t\n\t\t\t\t\t\t<div class=\"elementor-icon-box-content\">\n\n\t\t\t\t\t\t\t\t\t<h3 class=\"elementor-icon-box-title\">\n\t\t\t\t\t\t<span  >\n\t\t\t\t\t\t\tWir sitzen hier auf einer umfunktionierten Sessellift-Garnitur in der Sonne. Rundherum erheben sich sanfte Gipfel, dazwischen liegen die Pisten. Weitl\u00e4ufig und zugleich \u00fcbersichtlich \u2013 k\u00f6nnte man so das Postalm-Gebiet beschreiben?\t\t\t\t\t\t<\/span>\n\t\t\t\t\t<\/h3>\n\t\t\t\t\n\t\t\t\t\t\t\t\t\t<p class=\"elementor-icon-box-description\">\n\t\t\t\t\t\tJa, das trifft es gut. Auf der Postalm f\u00fchlt man sich einfach wohl und sicher. Alle Lifte starten hier, auf dem weitl\u00e4ufigen Plateau, auf dem wir uns gerade befinden. Sie f\u00fchren auf die umliegenden Berge. Es gibt keine komplizierten Abzweigungen unterwegs, alle Wege f\u00fchren wieder hier her. \t\t\t\t\t<\/p>\n\t\t\t\t\n\t\t\t<\/div>\n\t\t\t\n\t\t<\/div>\n\t\t\t\t\t\t<\/div>\n\t\t\t\t<\/div>\n\t\t\t\t<div class=\"elementor-element elementor-element-bc1d23b elementor-position-inline-start elementor-view-default elementor-mobile-position-block-start elementor-widget elementor-widget-icon-box\" data-id=\"bc1d23b\" data-element_type=\"widget\" data-widget_type=\"icon-box.default\">\n\t\t\t\t<div class=\"elementor-widget-container\">\n\t\t\t\t\t\t\t<div class=\"elementor-icon-box-wrapper\">\n\n\t\t\t\t\t\t<div class=\"elementor-icon-box-icon\">\n\t\t\t\t<span  class=\"elementor-icon\">\n\t\t\t\t<i aria-hidden=\"true\" class=\"far fa-question-circle\"><\/i>\t\t\t\t<\/span>\n\t\t\t<\/div>\n\t\t\t\n\t\t\t\t\t\t<div class=\"elementor-icon-box-content\">\n\n\t\t\t\t\t\t\t\t\t<h3 class=\"elementor-icon-box-title\">\n\t\t\t\t\t\t<span  >\n\t\t\t\t\t\t\tDas ist vor allem f\u00fcr Familien ein gro\u00dfer Vorteil. Wann warst du zum ersten Mal mit deinen Kindern hier? \t\t\t\t\t\t<\/span>\n\t\t\t\t\t<\/h3>\n\t\t\t\t\n\t\t\t\t\t\t\t\t\t<p class=\"elementor-icon-box-description\">\n\t\t\t\t\t\tDas ist lange her, das war Anfang der 70er Jahre. Ich habe damals am Fu\u00dfe der Postalm gewohnt und bin mit den Kindern zum Skifahren raufgekommen. Damals sah es hier aber noch anders aus \u2013 es gab nur einen einzigen Schlepplift. Sp\u00e4ter kam dann auch noch ein \u201eKurvenlift\u201c dazu. Das ist ein Schlepplift, der \u2013 wie der Name schon sagt \u2013 das Bergw\u00e4rtsfahren um die Kurve m\u00f6glich machte. Das war zu dieser Zeit eine echte Errungenschaft.\t\t\t\t\t<\/p>\n\t\t\t\t\n\t\t\t<\/div>\n\t\t\t\n\t\t<\/div>\n\t\t\t\t\t\t<\/div>\n\t\t\t\t<\/div>\n\t\t\t\t<div class=\"elementor-element elementor-element-4c19709 elementor-position-inline-start elementor-view-default elementor-mobile-position-block-start elementor-widget elementor-widget-icon-box\" data-id=\"4c19709\" data-element_type=\"widget\" data-widget_type=\"icon-box.default\">\n\t\t\t\t<div class=\"elementor-widget-container\">\n\t\t\t\t\t\t\t<div class=\"elementor-icon-box-wrapper\">\n\n\t\t\t\t\t\t<div class=\"elementor-icon-box-icon\">\n\t\t\t\t<span  class=\"elementor-icon\">\n\t\t\t\t<i aria-hidden=\"true\" class=\"far fa-question-circle\"><\/i>\t\t\t\t<\/span>\n\t\t\t<\/div>\n\t\t\t\n\t\t\t\t\t\t<div class=\"elementor-icon-box-content\">\n\n\t\t\t\t\t\t\t\t\t<h3 class=\"elementor-icon-box-title\">\n\t\t\t\t\t\t<span  >\n\t\t\t\t\t\t\tWelche Rolle spielt Sport in deiner Familie? Ist das Skifahren Teil eurer Ident\u00e4tit?\t\t\t\t\t\t<\/span>\n\t\t\t\t\t<\/h3>\n\t\t\t\t\n\t\t\t\t\t\t\t\t\t<p class=\"elementor-icon-box-description\">\n\t\t\t\t\t\tIn unserer Familie spielt Sport im Allgemeinen eine gro\u00dfe Rolle, nat\u00fcrlich auch das Skifahren. Alle kommen vom Skilauf, sind also Rennen gefahren und haben viele Pistenerfahrungen gesammelt. Und auch in der n\u00e4chsten Generation geht es sportlich weiter: Mein Enkelsohn Michael ist im Radsport erfolgreich und bereits Mitglied der Nationalmannschaft \u2013 seit kurzem ist er auch Salzburger Langlauf-Meister. Der Sport tr\u00e4gt sich durch unsere Familie wie ein roter Faden *lacht*\t\t\t\t\t<\/p>\n\t\t\t\t\n\t\t\t<\/div>\n\t\t\t\n\t\t<\/div>\n\t\t\t\t\t\t<\/div>\n\t\t\t\t<\/div>\n\t\t\t\t<div class=\"elementor-element elementor-element-4e916b7 elementor-position-inline-start elementor-view-default elementor-mobile-position-block-start elementor-widget elementor-widget-icon-box\" data-id=\"4e916b7\" data-element_type=\"widget\" data-widget_type=\"icon-box.default\">\n\t\t\t\t<div class=\"elementor-widget-container\">\n\t\t\t\t\t\t\t<div class=\"elementor-icon-box-wrapper\">\n\n\t\t\t\t\t\t<div class=\"elementor-icon-box-icon\">\n\t\t\t\t<span  class=\"elementor-icon\">\n\t\t\t\t<i aria-hidden=\"true\" class=\"far fa-question-circle\"><\/i>\t\t\t\t<\/span>\n\t\t\t<\/div>\n\t\t\t\n\t\t\t\t\t\t<div class=\"elementor-icon-box-content\">\n\n\t\t\t\t\t\t\t\t\t<h3 class=\"elementor-icon-box-title\">\n\t\t\t\t\t\t<span  >\n\t\t\t\t\t\t\tSki oder Langlauf? Was trifft auf dich zu?\t\t\t\t\t\t<\/span>\n\t\t\t\t\t<\/h3>\n\t\t\t\t\n\t\t\t\t\t\t\t\t\t<p class=\"elementor-icon-box-description\">\n\t\t\t\t\t\tIch komme aus dem Ski-Rennlauf, das ist meine gro\u00dfe Leidenschaft und ich war viel unterwegs. Aber auch der Langlauf liegt mir am Herzen: 1978 habe ich den Salzkammergut-Skimarathon organisiert. Das war eine gro\u00dfe Langlaufveranstaltung \u2013 eine der ersten auf der Postalm. \nDie Postalm ist eines der besten Gebiete zum Langlaufen. In tiefer gelegenen Bereichen mangelt es h\u00e4ufig an Schnee und weiter oben wird das Gel\u00e4nde schnell zu steil. Auf der Postalm haben wir beides: lange Geraden und die ziemlich schneesichere H\u00f6he von 1.100 Metern. Au\u00dferdem werden hier die Loipen t\u00e4glich gespurt, was mit viel Aufwand verbunden ist, sich f\u00fcr die Langl\u00e4ufer aber wirklich lohnt. \n\t\t\t\t\t<\/p>\n\t\t\t\t\n\t\t\t<\/div>\n\t\t\t\n\t\t<\/div>\n\t\t\t\t\t\t<\/div>\n\t\t\t\t<\/div>\n\t\t\t\t<div class=\"elementor-element elementor-element-1d5810c elementor-widget elementor-widget-image\" data-id=\"1d5810c\" data-element_type=\"widget\" data-widget_type=\"image.default\">\n\t\t\t\t<div class=\"elementor-widget-container\">\n\t\t\t\t\t\t\t\t\t\t\t\t\t\t\t<img decoding=\"async\" width=\"1024\" height=\"768\" src=\"https:\/\/postalm.ski\/wp-content\/uploads\/2023\/11\/IMG_5145-1024x768.jpg\" class=\"attachment-large size-large wp-image-1476\" alt=\"\" srcset=\"https:\/\/postalm.ski\/wp-content\/uploads\/2023\/11\/IMG_5145-1024x768.jpg 1024w, https:\/\/postalm.ski\/wp-content\/uploads\/2023\/11\/IMG_5145-300x225.jpg 300w, https:\/\/postalm.ski\/wp-content\/uploads\/2023\/11\/IMG_5145-768x576.jpg 768w, https:\/\/postalm.ski\/wp-content\/uploads\/2023\/11\/IMG_5145-16x12.jpg 16w, https:\/\/postalm.ski\/wp-content\/uploads\/2023\/11\/IMG_5145.jpg 1200w\" sizes=\"(max-width: 1024px) 100vw, 1024px\" \/>\t\t\t\t\t\t\t\t\t\t\t\t\t\t\t<\/div>\n\t\t\t\t<\/div>\n\t\t\t\t<div class=\"elementor-element elementor-element-eb5dc3d elementor-position-inline-start elementor-view-default elementor-mobile-position-block-start elementor-widget elementor-widget-icon-box\" data-id=\"eb5dc3d\" data-element_type=\"widget\" data-widget_type=\"icon-box.default\">\n\t\t\t\t<div class=\"elementor-widget-container\">\n\t\t\t\t\t\t\t<div class=\"elementor-icon-box-wrapper\">\n\n\t\t\t\t\t\t<div class=\"elementor-icon-box-icon\">\n\t\t\t\t<span  class=\"elementor-icon\">\n\t\t\t\t<i aria-hidden=\"true\" class=\"far fa-question-circle\"><\/i>\t\t\t\t<\/span>\n\t\t\t<\/div>\n\t\t\t\n\t\t\t\t\t\t<div class=\"elementor-icon-box-content\">\n\n\t\t\t\t\t\t\t\t\t<h3 class=\"elementor-icon-box-title\">\n\t\t\t\t\t\t<span  >\n\t\t\t\t\t\t\tVor ungef\u00e4hr 10 Jahren hast du den Skiverleih auf der Postalm \u00fcbernommen und mit deinen S\u00f6hnen einiges renoviert und modernisiert. Was war und ist eure Motivation?\t\t\t\t\t\t<\/span>\n\t\t\t\t\t<\/h3>\n\t\t\t\t\n\t\t\t\t\t\t\t\t\t<p class=\"elementor-icon-box-description\">\n\t\t\t\t\t\tWir m\u00f6chten, dass die Menschen, die zu uns kommen, nicht nur mit einem Strahlen gehen, sondern auch mit einem Strahlen wiederkommen. Die Zufriedenheit unserer Kunden ist also das oberste Gebot. Und das erreichen wir durch kompetente Beratung sowie Produkte in h\u00f6chster Qualit\u00e4t. Eines unserer ersten Aktionen nach der \u00dcbernahme war ein radikaler Austausch des Verleihbestands. Dass wir auch im Verleih neue Modelle und t\u00e4glich gewachste Ski anbieten, war f\u00fcr uns von Anfang an eine Selbstverst\u00e4ndlichkeit.  \t\t\t\t\t<\/p>\n\t\t\t\t\n\t\t\t<\/div>\n\t\t\t\n\t\t<\/div>\n\t\t\t\t\t\t<\/div>\n\t\t\t\t<\/div>\n\t\t\t\t<div class=\"elementor-element elementor-element-712347a elementor-position-inline-start elementor-view-default elementor-mobile-position-block-start elementor-widget elementor-widget-icon-box\" data-id=\"712347a\" data-element_type=\"widget\" data-widget_type=\"icon-box.default\">\n\t\t\t\t<div class=\"elementor-widget-container\">\n\t\t\t\t\t\t\t<div class=\"elementor-icon-box-wrapper\">\n\n\t\t\t\t\t\t<div class=\"elementor-icon-box-icon\">\n\t\t\t\t<span  class=\"elementor-icon\">\n\t\t\t\t<i aria-hidden=\"true\" class=\"far fa-question-circle\"><\/i>\t\t\t\t<\/span>\n\t\t\t<\/div>\n\t\t\t\n\t\t\t\t\t\t<div class=\"elementor-icon-box-content\">\n\n\t\t\t\t\t\t\t\t\t<h3 class=\"elementor-icon-box-title\">\n\t\t\t\t\t\t<span  >\n\t\t\t\t\t\t\tDu siehst einen Fu\u00df und wei\u00dft genau, welcher Skischuh passt. Woher hast du dieses Wissen?\t\t\t\t\t\t<\/span>\n\t\t\t\t\t<\/h3>\n\t\t\t\t\n\t\t\t\t\t\t\t\t\t<p class=\"elementor-icon-box-description\">\n\t\t\t\t\t\tJa das stimmt, so etwas lernt man nur durch jahrzehntelange Erfahrung. Nat\u00fcrlich messen wir den Fu\u00df auch, bevor wir probieren lassen, aber oft gen\u00fcgt ein Blick und ich habe schon den besten Schuh im Kopf. Ich habe viele Jahre lang ein Sportgesch\u00e4ft in Bad Ischl gef\u00fchrt \u2013 da lernt man Material und Menschen schon gut kennen! \t\t\t\t\t<\/p>\n\t\t\t\t\n\t\t\t<\/div>\n\t\t\t\n\t\t<\/div>\n\t\t\t\t\t\t<\/div>\n\t\t\t\t<\/div>\n\t\t\t\t<div class=\"elementor-element elementor-element-ac7acdc elementor-position-inline-start elementor-view-default elementor-mobile-position-block-start elementor-widget elementor-widget-icon-box\" data-id=\"ac7acdc\" data-element_type=\"widget\" data-widget_type=\"icon-box.default\">\n\t\t\t\t<div class=\"elementor-widget-container\">\n\t\t\t\t\t\t\t<div class=\"elementor-icon-box-wrapper\">\n\n\t\t\t\t\t\t<div class=\"elementor-icon-box-icon\">\n\t\t\t\t<span  class=\"elementor-icon\">\n\t\t\t\t<i aria-hidden=\"true\" class=\"far fa-question-circle\"><\/i>\t\t\t\t<\/span>\n\t\t\t<\/div>\n\t\t\t\n\t\t\t\t\t\t<div class=\"elementor-icon-box-content\">\n\n\t\t\t\t\t\t\t\t\t<h3 class=\"elementor-icon-box-title\">\n\t\t\t\t\t\t<span  >\n\t\t\t\t\t\t\tKann man bei euch auch eine Ausr\u00fcstung kaufen? \t\t\t\t\t\t<\/span>\n\t\t\t\t\t<\/h3>\n\t\t\t\t\n\t\t\t\t\t\t\t\t\t<p class=\"elementor-icon-box-description\">\n\t\t\t\t\t\tUns ist es besonders wichtig, dass wir immer wieder neue Produkte dahaben. Denn h\u00e4ufig ist es so, dass dem Kunden ein Schuh so gut passt, dass er oder sie ihn nicht mehr hergibt *lacht*. Nat\u00fcrlich ist es m\u00f6glich, diesen Schuh dann zu kaufen. Auf diese Weise bekommt man einen fast neuen Skischuh zu einem super Preis. Unser Verleih profitiert davon, denn so bleibt unsere Ware in Bewegung und macht Platz f\u00fcr neue Produkte. Manchmal kommt es auch vor, dass ein Kunde schon sehr lange nach einem Skischuh sucht und einfach keiner so recht passen will.  Dann gibt es auch die M\u00f6glichkeit, dass wir ihn individuell anpassen. Dabei wird die Schale des Skischuhs erhitzt und in die richtige Form gebracht.\t\t\t\t\t<\/p>\n\t\t\t\t\n\t\t\t<\/div>\n\t\t\t\n\t\t<\/div>\n\t\t\t\t\t\t<\/div>\n\t\t\t\t<\/div>\n\t\t\t\t<div class=\"elementor-element elementor-element-470f41c elementor-position-inline-start elementor-view-default elementor-mobile-position-block-start elementor-widget elementor-widget-icon-box\" data-id=\"470f41c\" data-element_type=\"widget\" data-widget_type=\"icon-box.default\">\n\t\t\t\t<div class=\"elementor-widget-container\">\n\t\t\t\t\t\t\t<div class=\"elementor-icon-box-wrapper\">\n\n\t\t\t\t\t\t<div class=\"elementor-icon-box-icon\">\n\t\t\t\t<span  class=\"elementor-icon\">\n\t\t\t\t<i aria-hidden=\"true\" class=\"far fa-question-circle\"><\/i>\t\t\t\t<\/span>\n\t\t\t<\/div>\n\t\t\t\n\t\t\t\t\t\t<div class=\"elementor-icon-box-content\">\n\n\t\t\t\t\t\t\t\t\t<h3 class=\"elementor-icon-box-title\">\n\t\t\t\t\t\t<span  >\n\t\t\t\t\t\t\tWir fassen zusammen: Was macht euren Skiverleih besonders? \t\t\t\t\t\t<\/span>\n\t\t\t\t\t<\/h3>\n\t\t\t\t\n\t\t\t\t\t\t\t\t\t<p class=\"elementor-icon-box-description\">\n\t\t\t\t\t\tUnsere Ski werden t\u00e4glich gewachst \u2013 das macht den Unterschied aus. Und wir holen immer neue Produkte ins Sortiment, die wir zuvor testen. Bei der Auswahl hilft uns unsere Erfahrung, denn wir sind selbst viel auf Pisten gestanden, und wissen, wie sich eine gute Ausr\u00fcstung anf\u00fchlen muss. Sehr individuelle F\u00fc\u00dfe erhalten einen eigens angepassten Schuh. Jeder findet irgendwann seine Traumausr\u00fcstung, da sind wir uns sicher! \t\t\t\t\t<\/p>\n\t\t\t\t\n\t\t\t<\/div>\n\t\t\t\n\t\t<\/div>\n\t\t\t\t\t\t<\/div>\n\t\t\t\t<\/div>\n\t\t\t\t<div class=\"elementor-element elementor-element-040fa6f elementor-position-inline-start elementor-view-default elementor-mobile-position-block-start elementor-widget elementor-widget-icon-box\" data-id=\"040fa6f\" data-element_type=\"widget\" data-widget_type=\"icon-box.default\">\n\t\t\t\t<div class=\"elementor-widget-container\">\n\t\t\t\t\t\t\t<div class=\"elementor-icon-box-wrapper\">\n\n\t\t\t\t\t\t<div class=\"elementor-icon-box-icon\">\n\t\t\t\t<span  class=\"elementor-icon\">\n\t\t\t\t<i aria-hidden=\"true\" class=\"far fa-question-circle\"><\/i>\t\t\t\t<\/span>\n\t\t\t<\/div>\n\t\t\t\n\t\t\t\t\t\t<div class=\"elementor-icon-box-content\">\n\n\t\t\t\t\t\t\t\t\t<h3 class=\"elementor-icon-box-title\">\n\t\t\t\t\t\t<span  >\n\t\t\t\t\t\t\tDanke Hannes, f\u00fcr das Gespr\u00e4ch und den interessanten Einblick. Verr\u00e4tst du uns zum Schluss noch deinen Lieblingsort? \t\t\t\t\t\t<\/span>\n\t\t\t\t\t<\/h3>\n\t\t\t\t\n\t\t\t\t\t\t\t\t\t<p class=\"elementor-icon-box-description\">\n\t\t\t\t\t\tPostalm. Postalm. Postalm. *lacht* \t\t\t\t\t<\/p>\n\t\t\t\t\n\t\t\t<\/div>\n\t\t\t\n\t\t<\/div>\n\t\t\t\t\t\t<\/div>\n\t\t\t\t<\/div>\n\t\t\t\t<div class=\"elementor-element elementor-element-3ac9534 elementor-widget-divider--view-line elementor-widget elementor-widget-divider\" data-id=\"3ac9534\" data-element_type=\"widget\" data-widget_type=\"divider.default\">\n\t\t\t\t<div class=\"elementor-widget-container\">\n\t\t\t\t\t\t\t<div class=\"elementor-divider\">\n\t\t\t<span class=\"elementor-divider-separator\">\n\t\t\t\t\t\t<\/span>\n\t\t<\/div>\n\t\t\t\t\t\t<\/div>\n\t\t\t\t<\/div>\n\t\t\t\t<div class=\"elementor-element elementor-element-39f404a elementor-widget elementor-widget-text-editor\" data-id=\"39f404a\" data-element_type=\"widget\" data-widget_type=\"text-editor.default\">\n\t\t\t\t<div class=\"elementor-widget-container\">\n\t\t\t\t\t\t\t\t\t<p><em>Das ist nachvollziehbar. Die Sonne strahlt auf die Sessellift-Bank, Menschen gehen vorbei, winken und gr\u00fc\u00dfen. Ob der Schuh auch gut sitzt, m\u00f6chte Hannes von ihnen wissen. \u201eAlles bestens!\u201c kommt es zur\u00fcck, w\u00e4hrend die Gruppe fr\u00f6hlich zum Lift marschiert. Eines wird hier offensichtlich: Es sind die Menschen, die diesen Ort zu etwas Besonderem machen. <\/em><\/p>\t\t\t\t\t\t\t\t<\/div>\n\t\t\t\t<\/div>\n\t\t\t\t<div class=\"elementor-element elementor-element-74c2387 elementor-widget elementor-widget-button\" data-id=\"74c2387\" data-element_type=\"widget\" data-widget_type=\"button.default\">\n\t\t\t\t<div class=\"elementor-widget-container\">\n\t\t\t\t\t\t\t\t\t<div class=\"elementor-button-wrapper\">\n\t\t\t\t\t<a class=\"elementor-button elementor-button-link elementor-size-sm\" href=\"https:\/\/postalm.ski\/en\/service\/skiverleih\/\">\n\t\t\t\t\t\t<span class=\"elementor-button-content-wrapper\">\n\t\t\t\t\t\t\t\t\t<span class=\"elementor-button-text\">Zur\u00fcck zum Skiverleih auf der Postalm<\/span>\n\t\t\t\t\t<\/span>\n\t\t\t\t\t<\/a>\n\t\t\t\t<\/div>\n\t\t\t\t\t\t\t\t<\/div>\n\t\t\t\t<\/div>\n\t\t\t\t<div class=\"elementor-element elementor-element-95b351b elementor-widget elementor-widget-button\" data-id=\"95b351b\" data-element_type=\"widget\" data-widget_type=\"button.default\">\n\t\t\t\t<div class=\"elementor-widget-container\">\n\t\t\t\t\t\t\t\t\t<div class=\"elementor-button-wrapper\">\n\t\t\t\t\t<a class=\"elementor-button elementor-button-link elementor-size-sm\" href=\"https:\/\/www.postalm-skiverleih-hettegger.at\/\" target=\"_blank\" rel=\"noopener\">\n\t\t\t\t\t\t<span class=\"elementor-button-content-wrapper\">\n\t\t\t\t\t\t\t\t\t<span class=\"elementor-button-text\">Direkt zur Postalm Skiverleih Hettegger<\/span>\n\t\t\t\t\t<\/span>\n\t\t\t\t\t<\/a>\n\t\t\t\t<\/div>\n\t\t\t\t\t\t\t\t<\/div>\n\t\t\t\t<\/div>\n\t\t\t\t\t<\/div>\n\t\t<\/div>\n\t\t\t\t\t<\/div>\n\t\t<\/section>\n\t\t\t\t<\/div>","protected":false},"excerpt":{"rendered":"<p>Hannes Hettegger wird von vielen liebevoll Postalm Papa genannt \u2013 und das nicht ohne Grund. Seit Jahrzehnten engagiert er sich f\u00fcr den Wintersport in der Region, erlebte alle H\u00f6hen und Tiefen des Skigebiets und setzte sich auch zuletzt f\u00fcr dessen Erhalt ein.<br \/>\nDen Skiverleih auf der Postalm \u00fcbernahm Hannes Hettegger vor etwa einem Jahrzehnt.<\/p>","protected":false},"author":1,"featured_media":85,"comment_status":"closed","ping_status":"closed","sticky":false,"template":"","format":"standard","meta":{"site-sidebar-layout":"default","site-content-layout":"","ast-site-content-layout":"default","site-content-style":"default","site-sidebar-style":"default","ast-global-header-display":"","ast-banner-title-visibility":"","ast-main-header-display":"","ast-hfb-above-header-display":"","ast-hfb-below-header-display":"","ast-hfb-mobile-header-display":"","site-post-title":"","ast-breadcrumbs-content":"","ast-featured-img":"","footer-sml-layout":"","theme-transparent-header-meta":"default","adv-header-id-meta":"","stick-header-meta":"default","header-above-stick-meta":"","header-main-stick-meta":"","header-below-stick-meta":"","astra-migrate-meta-layouts":"set","ast-page-background-enabled":"default","ast-page-background-meta":{"desktop":{"background-color":"var(--ast-global-color-4)","background-image":"","background-repeat":"repeat","background-position":"center center","background-size":"auto","background-attachment":"scroll","background-type":"","background-media":"","overlay-type":"","overlay-color":"","overlay-opacity":"","overlay-gradient":""},"tablet":{"background-color":"","background-image":"","background-repeat":"repeat","background-position":"center center","background-size":"auto","background-attachment":"scroll","background-type":"","background-media":"","overlay-type":"","overlay-color":"","overlay-opacity":"","overlay-gradient":""},"mobile":{"background-color":"","background-image":"","background-repeat":"repeat","background-position":"center center","background-size":"auto","background-attachment":"scroll","background-type":"","background-media":"","overlay-type":"","overlay-color":"","overlay-opacity":"","overlay-gradient":""}},"ast-content-background-meta":{"desktop":{"background-color":"var(--ast-global-color-5)","background-image":"","background-repeat":"repeat","background-position":"center center","background-size":"auto","background-attachment":"scroll","background-type":"","background-media":"","overlay-type":"","overlay-color":"","overlay-opacity":"","overlay-gradient":""},"tablet":{"background-color":"var(--ast-global-color-5)","background-image":"","background-repeat":"repeat","background-position":"center center","background-size":"auto","background-attachment":"scroll","background-type":"","background-media":"","overlay-type":"","overlay-color":"","overlay-opacity":"","overlay-gradient":""},"mobile":{"background-color":"var(--ast-global-color-5)","background-image":"","background-repeat":"repeat","background-position":"center center","background-size":"auto","background-attachment":"scroll","background-type":"","background-media":"","overlay-type":"","overlay-color":"","overlay-opacity":"","overlay-gradient":""}},"footnotes":""},"categories":[17,14],"tags":[],"class_list":["post-1869","post","type-post","status-publish","format-standard","has-post-thumbnail","hentry","category-menschen-auf-der-postam","category-skiverleih"],"_links":{"self":[{"href":"https:\/\/postalm.ski\/en\/wp-json\/wp\/v2\/posts\/1869","targetHints":{"allow":["GET"]}}],"collection":[{"href":"https:\/\/postalm.ski\/en\/wp-json\/wp\/v2\/posts"}],"about":[{"href":"https:\/\/postalm.ski\/en\/wp-json\/wp\/v2\/types\/post"}],"author":[{"embeddable":true,"href":"https:\/\/postalm.ski\/en\/wp-json\/wp\/v2\/users\/1"}],"replies":[{"embeddable":true,"href":"https:\/\/postalm.ski\/en\/wp-json\/wp\/v2\/comments?post=1869"}],"version-history":[{"count":19,"href":"https:\/\/postalm.ski\/en\/wp-json\/wp\/v2\/posts\/1869\/revisions"}],"predecessor-version":[{"id":1920,"href":"https:\/\/postalm.ski\/en\/wp-json\/wp\/v2\/posts\/1869\/revisions\/1920"}],"wp:featuredmedia":[{"embeddable":true,"href":"https:\/\/postalm.ski\/en\/wp-json\/wp\/v2\/media\/85"}],"wp:attachment":[{"href":"https:\/\/postalm.ski\/en\/wp-json\/wp\/v2\/media?parent=1869"}],"wp:term":[{"taxonomy":"category","embeddable":true,"href":"https:\/\/postalm.ski\/en\/wp-json\/wp\/v2\/categories?post=1869"},{"taxonomy":"post_tag","embeddable":true,"href":"https:\/\/postalm.ski\/en\/wp-json\/wp\/v2\/tags?post=1869"}],"curies":[{"name":"wp","href":"https:\/\/api.w.org\/{rel}","templated":true}]}}